{"id":832,"date":"2019-02-23T03:18:14","date_gmt":"2019-02-23T03:18:14","guid":{"rendered":"http:\/\/ltecnologia.com.br\/blog\/?p=832"},"modified":"2020-05-07T18:02:07","modified_gmt":"2020-05-07T18:02:07","slug":"o-que-e-e-por-que-utilizar-a-computacao-em-nuvem","status":"publish","type":"post","link":"http:\/\/ltecnologia.com.br\/blog\/o-que-e-e-por-que-utilizar-a-computacao-em-nuvem\/","title":{"rendered":"O que \u00e9 e por que utilizar a Computa\u00e7\u00e3o em Nuvem?"},"content":{"rendered":"\n<p>Muito se ouve falar : &#8220;Agora minhas fotos est\u00e3o na nuvem, sou chique bem!&#8221; ou at\u00e9 mesmo &#8220;Rapaz, nem uso mais pen drive, agora meus arquivos est\u00e3o todos na nuvem&#8221;. Se voc\u00ea faz parte desse grupo de pessoas, mas n\u00e3o sabe exatamente o que quer dizer &#8220;est\u00e1 na nuvem&#8221;, <del>tamo junto por que eu tamb\u00e9m n\u00e3o sei, <\/del>eu\u00a0vou\u00a0tentar\u00a0te\u00a0explicar\u00a0da\u00a0forma\u00a0mais\u00a0simples\u00a0poss\u00edvel\u00a0o que \u00e9 e por que utilizar a computa\u00e7\u00e3o em nuvem, no texto vai poder perceber tamb\u00e9m\u00a0como\u00a0a\u00a0Computa\u00e7\u00e3o em Nuvem\u00a0pode\u00a0influenciar\u00a0o modo de como voc\u00ea lida com tecnologia.<\/p>\n\n\n\n<div class=\"wp-block-image\"><figure class=\"aligncenter\"><img loading=\"lazy\" decoding=\"async\" width=\"400\" height=\"400\" src=\"http:\/\/ltecnologia.com.br\/blog\/wp-content\/uploads\/2019\/02\/cloudcomputing.jpg\" alt=\"O que \u00e9 e por que utilizar a Computa\u00e7\u00e3o em Nuvem\" class=\"wp-image-840\" srcset=\"http:\/\/ltecnologia.com.br\/blog\/wp-content\/uploads\/2019\/02\/cloudcomputing.jpg 400w, http:\/\/ltecnologia.com.br\/blog\/wp-content\/uploads\/2019\/02\/cloudcomputing-150x150.jpg 150w, http:\/\/ltecnologia.com.br\/blog\/wp-content\/uploads\/2019\/02\/cloudcomputing-300x300.jpg 300w\" sizes=\"auto, (max-width: 400px) 100vw, 400px\" \/><\/figure><\/div>\n\n\n\n<p>A computa\u00e7\u00e3o em nuvem, pode ser entendida como um modelo de Sistemas Distribu\u00eddos que oferece recursos de armazenamento de banco de dados, rede, software, an\u00e1lises, servi\u00e7os e intelig\u00eancia artificial. Tudo isso, sem precisar de um servidor f\u00edsico: os tradicionais <em>Data Center&#8217;s<\/em>. Podemos dizer que a computa\u00e7\u00e3o em nuvem consegue unir v\u00e1rios recursos e servi\u00e7os &#8220;f\u00edsicos&#8221; atrav\u00e9s da internet de uma forma muito mais homog\u00eanea.<\/p>\n\n\n\n<p><strong>Resumindo, quando voc\u00ea escuta algu\u00e9m falar &#8220;A minha foto est\u00e1 na nuvem&#8221; significa que a foto est\u00e1 armazenada em um ou v\u00e1rios servidores espalhados pelo mundo e que voc\u00ea consegue acessar essa foto de qualquer dispositivo (celular, notebook, tablet) que possui uma conex\u00e3o com a internet.<\/strong> Inclusive eu j\u00e1 <a rel=\"noreferrer noopener\" href=\"http:\/\/ltecnologia.com.br\/blog\/configurar-backups-automaticos\/\" target=\"_blank\">escrevi um post de como salvar seus documentos automaticamente na nuvem<\/a><\/p>\n\n\n\n<p> A computa\u00e7\u00e3o em nuvem oferece diferentes tipos de servi\u00e7os que v\u00e3o desde aplica\u00e7\u00f5es at\u00e9 infraestruturas sob demanda. Esses servi\u00e7os podem cair em algumas dessas 3 categorias:<\/p>\n\n\n\n<ul><li>Infraestrutura como Servi\u00e7o (IaaS)<\/li><li>Plataforma como Servi\u00e7o (PaaS)&nbsp;<\/li><li>Software como Servi\u00e7o (SaaS).&nbsp;<\/li><\/ul>\n\n\n\n<h2 class=\"wp-block-heading\">Infraestrutura como Servi\u00e7o (IaaS)<\/h2>\n\n\n\n<p>O objetivo da IaaS \u00e9 tornar mais acess\u00edvel o fornecimento de recursos, tais como servidores, rede, armazenamento e outros recursos de computa\u00e7\u00e3o essenciais para construir um ambiente virtual sob demanda, onde estes podem incorporar desde sistemas operacionais at\u00e9 aplicativos web. Contratando uma Infraestrutura como servi\u00e7o, voc\u00ea pode:<\/p>\n\n\n\n<ul class=\"wp-block-list\"><li>Criar ambientes de Desenvolvimento\/Teste de software atrav\u00e9s de m\u00e1quinas virtuais. Uma das grandes vantagens de uma m\u00e1quina virtual em nuvem \u00e9 seu acesso de qualquer lugar do planeta.<\/li><li>Hospedar sites tamb\u00e9m atrav\u00e9s de m\u00e1quinas virtuais, o que pode ser uma maneira mais barata, pois as Virtuais Machines s\u00e3o criadas com recursos sob demanda (mem\u00f3ria, armazenamento, processamento).<\/li><li>Armazenamento de Arquivos e Backups automatizados.<\/li><li>Computa\u00e7\u00e3o de Alto desempenho, caso a empresa trabalhe com software ou servi\u00e7o que precise de um processamento acima do normal, estes recursos podem ser comprados tamb\u00e9m sob demanda em um provedor IaaS.<\/li><\/ul>\n\n\n\n<p>Os principais provedores do modelo IaaS s\u00e3o: <\/p>\n\n\n\n<ul class=\"wp-block-list\"><li>Microsoft Windows Azure.<\/li><li>IBM Cloud<\/li><li>Amazon Web Services.<\/li><li>Google Cloud<\/li><\/ul>\n\n\n\n<script async=\"\" src=\"https:\/\/pagead2.googlesyndication.com\/pagead\/js\/adsbygoogle.js\"><\/script>\n<!-- Ltecnologia -->\n<ins class=\"adsbygoogle\" style=\"display:block\" data-ad-client=\"ca-pub-4385686419687702\" data-ad-slot=\"5433530721\" data-ad-format=\"auto\" data-full-width-responsive=\"true\"><\/ins>\n<script>\n     (adsbygoogle = window.adsbygoogle || []).push({});\n<\/script>\n\n\n\n<h2 class=\"wp-block-heading\">Plataforma como Servi\u00e7o (PaaS)<\/h2>\n\n\n\n<p>Assim como a IaaS a PaaS oferece um servi\u00e7o totalmente voltado para desenvolvimento e implanta\u00e7\u00e3o de aplica\u00e7\u00f5es e software na nuvem, de modo que os programadores n\u00e3o precisem se preocupar em montar um ambiente de desenvolvimento na sua m\u00e1quina, basta apenas digitar o c\u00f3digo e mandar compilar que j\u00e1 existe uma plataforma que ir\u00e1 entregar esse software independente da linguagem de programa\u00e7\u00e3o executada.<\/p>\n\n\n\n<p>Assim como IaaS, PaaS inclui infraestrutura (servidores, armazenamento e rede), al\u00e9m de ferramentas de desenvolvimento, servi\u00e7os de BI (business intelligence), sistemas de gerenciamento de banco de dados e muito mais. PaaS \u00e9 criado para dar suporte ao ciclo de vida de um aplicativo Web por inteiro desde a compila\u00e7\u00e3o, teste, implanta\u00e7\u00e3o at\u00e9 o gerenciamento e atualiza\u00e7\u00e3o. <\/p>\n\n\n\n<p>Um bom exemplo de Paas \u00e9 o <a href=\"https:\/\/www.heroku.com\/\" target=\"_blank\" rel=\"noreferrer noopener\">Heroku.com<\/a><\/p>\n\n\n\n<p><\/p>\n\n\n\n<h2 class=\"wp-block-heading\">Software como Servi\u00e7o (SaaS)<\/h2>\n\n\n\n<p>Esse modelo \u00e9 o mais conhecido entre os usu\u00e1rios comuns, podemos destacar nessa categoria os servi\u00e7os como : Google Drive, DropBox, Netflix, Uber, dentre v\u00e1rios outros aplicativos que podem ser acessados de qualquer lugar do mundo e que chegam a n\u00f3s, usu\u00e1rios, com uma maior facilidade.<\/p>\n\n\n\n<p>Este modelo n\u00e3o s\u00f3 atende ao usu\u00e1rio comum que acessa a rede p\u00fablica mas pode ser fornecido tamb\u00e9m a Nuvens Privadas, como por exemplo, a instala\u00e7\u00e3o de um Microsoft Office em cada computador de uma empresa pode ser substitu\u00edda por apenas um servi\u00e7o do Office 365 na nuvem onde os  usu\u00e1rios podem acessar de qualquer computador da empresa. Entendeu a redu\u00e7\u00e3o de custos?<\/p>\n\n\n\n<p>Outra vantagem \u00e9 que o Software baseado em Nuvem \u00e9 atualizado constantemente e nem percebemos. <em>Bugs <\/em>de software e falhas de seguran\u00e7a est\u00e3o sendo corrigidos intensamente pela equipe de desenvolvimento e essas atualiza\u00e7\u00f5es n\u00e3o precisam ser realizadas fisicamente no computador de cada cliente. Isso \u00e9 uma Maravilha!<\/p>\n\n\n\n<p>A tend\u00eancia \u00e9 que todo tipo de software migre para o modelo SaaS, o que influencia tamb\u00e9m no modelo de neg\u00f3cio das empresas. As pessoas v\u00e3o passar a obter software por assinatura, assim como ocorre na Netflix. O famoso Pay to Use vai dominar o mercado.<\/p>\n\n\n\n<h2 class=\"wp-block-heading\">Vantagens da Cloud Computing<\/h2>\n\n\n\n<ul class=\"wp-block-list\"><li><strong>Velocidade&nbsp;e&nbsp;Agilidade<\/strong><br>Os recursos necess\u00e1rios podem estar apenas a um clique de dist\u00e2ncia, o que pode nos salvar tempo e dinheiro. Nesse modelo, podemos facilmente escalar aplica\u00e7\u00f5es e servi\u00e7os de acordo com nossas necessidades.<\/li><li><strong>Redu\u00e7\u00e3o de Custos<\/strong><br>V\u00e1rias empresas n\u00e3o precisam mais criar uma sala com computadores gigantes s\u00f3 para obter recursos b\u00e1sicos de banco de dados ou Firewall, na nuvem, elas encontram todos esses recursos de uma forma que suas necessidades s\u00e3o atendidas.<\/li><li><span style=\"background-color: rgb(232, 234, 235);\"><b>F\u00e1cil&nbsp;acesso&nbsp;aos&nbsp;recursos<\/b><\/span><br>Como usu\u00e1rios, n\u00f3s podemos acessar nossa infraestrutura de qualquer lugar e dispositivo. Suas fotos, arquivos, m\u00fasicas s\u00f3 dependem de uma conex\u00e3o com a internet para serem acessadas.<\/li><li><strong>Manuten\u00e7\u00e3o<\/strong><br>Quando uma empresa contrata um provedor de Cloud Computing ela n\u00e3o apenas reduz custos mas se livra da manuten\u00e7\u00e3o dos recursos que utiliza, e pode focar 100% no neg\u00f3cio.<\/li><li><span style=\"background-color: rgb(232, 234, 235);\"><b>Confiabilidade<\/b><\/span><br>Recursos podem ser hospedados em diferentes data center&#8217;s espalhados pelo mundo, ou seja, seus arquivos n\u00e3o se concentram apenas em um servidor, mas \u00e9 dividido em v\u00e1rios peda\u00e7os espalhados por diversos servidores pelo mundo. Esta caracter\u00edstica aumenta a confiabilidade da computa\u00e7\u00e3o em Nuvem em quest\u00e3o de seguran\u00e7a.<\/li><\/ul>\n\n\n\n<h2 class=\"wp-block-heading\">Ok, legal, mas quando devo usar a nuvem na minha empresa?<\/h2>\n\n\n\n<p>Ao utilizar aplica\u00e7\u00f5es que demandam Infraestrutura vol\u00e1til, ou seja, que muda o consumo de recursos abruptamente. Um exemplo, as lojas virtuais, por vezes, h\u00e1 maiores acessos em determinadas \u00e9pocas do ano, e uma <strong>Infraestrutura como Servi\u00e7o<\/strong> pode escalonar os recursos necess\u00e1rios para hospedar essa loja virtual de forma que n\u00e3o comprometa o desempenho. Isso se torna economicamente vi\u00e1vel para sua empresa, pois estes recursos n\u00e3o s\u00e3o vendidos em pacotes e sim sob demanda, ou seja, ir\u00e1 pagar somente os recursos que utilizar. Tamb\u00e9m \u00e9 importante investir em IaaS as empresas que est\u00e3o crescendo de forma muito r\u00e1pida e n\u00e3o tem capital para investir em Infraestrutura de TI dentro da organiza\u00e7\u00e3o. <\/p>\n\n\n\n<p>No caso da <strong>Plataforma como Servi\u00e7o<\/strong>, caso a empresa seja uma produtora de software, e as equipes de desenvolvimento necessitem constantemente de ambientes de desenvolvimento mais complexos e disponibilizar software continuamente \u00e9 interessante contratar o servi\u00e7o de Plataforma como Servi\u00e7o.<\/p>\n\n\n\n<p>\u00c9 aconselh\u00e1vel que a empresa utilize um <strong>Software como Servi\u00e7o<\/strong>, quando os funcion\u00e1rios necessitem acessar email e editores de texto, planilhas e armazenamento de arquivos de uma forma remota ou de dispositivos m\u00f3veis. O SaaS tamb\u00e9m \u00e9 aconselh\u00e1vel para empresas que utilizam softwares que demandam atualiza\u00e7\u00f5es constantes e que querem tamb\u00e9m reduzir os custos com licen\u00e7as dos mesmos. Muitas empresas hoje utilizam os recursos de documentos online do Google, onde os funcion\u00e1rios podem editar textos, planilhas, criar apresenta\u00e7\u00f5es sem necessariamente instalar o tradicional Microsoft Office.<\/p>\n\n\n\n<p>Esta foi uma explica\u00e7\u00e3o b\u00e1sica sobre o que \u00e9 Computa\u00e7\u00e3o em Nuvem e como voc\u00ea pode turbinar essa tend\u00eancia para reduzir custos e ganhar efici\u00eancia na sua empresa. At\u00e9 mais!<\/p>\n","protected":false},"excerpt":{"rendered":"<p>Muito se ouve falar : &#8220;Agora minhas fotos est\u00e3o na nuvem, sou chique bem!&#8221; ou at\u00e9 mesmo &#8220;Rapaz, nem uso mais pen drive, agora meus arquivos est\u00e3o todos na nuvem&#8221;. Se voc\u00ea faz parte desse grupo de pessoas, mas n\u00e3o sabe exatamente o que quer dizer &#8220;est\u00e1 na nuvem&#8221;, tamo junto por que eu tamb\u00e9m&hellip; <a href=\"http:\/\/ltecnologia.com.br\/blog\/o-que-e-e-por-que-utilizar-a-computacao-em-nuvem\/\" class=\"more-link\">Leia mais <span class=\"screen-reader-text\">O que \u00e9 e por que utilizar a Computa\u00e7\u00e3o em Nuvem?<\/span><\/a><\/p>\n","protected":false},"author":1,"featured_media":839,"comment_status":"open","ping_status":"open","sticky":false,"template":"","format":"standard","meta":{"jetpack_post_was_ever_published":false,"_jetpack_newsletter_access":"","_jetpack_dont_email_post_to_subs":false,"_jetpack_newsletter_tier_id":0,"_jetpack_memberships_contains_paywalled_content":false,"_jetpack_memberships_contains_paid_content":false,"footnotes":"","jetpack_publicize_message":"","jetpack_publicize_feature_enabled":true,"jetpack_social_post_already_shared":true,"jetpack_social_options":{"image_generator_settings":{"template":"highway","enabled":false},"version":2}},"categories":[2,6,8,12,14,21],"tags":[99,97,93,96,94,95],"class_list":["post-832","post","type-post","status-publish","format-standard","has-post-thumbnail","hentry","category-artigos","category-internetdascoisas","category-programacao","category-redes","category-seguranca-da-informacao","category-web","tag-azure","tag-computacao","tag-iaas","tag-nuvem","tag-paas","tag-saas"],"jetpack_publicize_connections":[],"yoast_head":"<!-- This site is optimized with the Yoast SEO plugin v22.6 - https:\/\/yoast.com\/wordpress\/plugins\/seo\/ -->\n<title>O que \u00e9 e por que utilizar a Computa\u00e7\u00e3o em Nuvem - Luan Oliveira<\/title>\n<meta name=\"description\" content=\"Neste Post vou explicar o que \u00e9 e por que utilizar a Computa\u00e7\u00e3o em Nuvem, al\u00e9m de mostrar os benef\u00edcios e motivos para adotar essa tecnologia.\" \/>\n<meta name=\"robots\" content=\"index, follow, max-snippet:-1, max-image-preview:large, max-video-preview:-1\" \/>\n<link rel=\"canonical\" href=\"https:\/\/ltecnologia.com.br\/blog\/o-que-e-e-por-que-utilizar-a-computacao-em-nuvem\/\" \/>\n<meta property=\"og:locale\" content=\"pt_BR\" \/>\n<meta property=\"og:type\" content=\"article\" \/>\n<meta property=\"og:title\" content=\"O que \u00e9 e por que utilizar a Computa\u00e7\u00e3o em Nuvem\" \/>\n<meta property=\"og:description\" content=\"Neste Post vou explicar o que \u00e9 e por que utilizar a Computa\u00e7\u00e3o em Nuvem, al\u00e9m de mostrar os benef\u00edcios e motivos para adotar essa tecnologia.\" \/>\n<meta property=\"og:url\" content=\"https:\/\/ltecnologia.com.br\/blog\/o-que-e-e-por-que-utilizar-a-computacao-em-nuvem\/\" \/>\n<meta property=\"og:site_name\" content=\"Luan Oliveira\" \/>\n<meta property=\"article:published_time\" content=\"2019-02-23T03:18:14+00:00\" \/>\n<meta property=\"article:modified_time\" content=\"2020-05-07T18:02:07+00:00\" \/>\n<meta property=\"og:image\" content=\"https:\/\/ltecnologia.com.br\/blog\/wp-content\/uploads\/2019\/02\/cloudvdc.jpg\" \/>\n\t<meta property=\"og:image:width\" content=\"770\" \/>\n\t<meta property=\"og:image:height\" content=\"577\" \/>\n\t<meta property=\"og:image:type\" content=\"image\/jpeg\" \/>\n<meta name=\"author\" content=\"Luan Oliveira\" \/>\n<meta name=\"twitter:card\" content=\"summary_large_image\" \/>\n<meta name=\"twitter:label1\" content=\"Escrito por\" \/>\n\t<meta name=\"twitter:data1\" content=\"Luan Oliveira\" \/>\n\t<meta name=\"twitter:label2\" content=\"Est. tempo de leitura\" \/>\n\t<meta name=\"twitter:data2\" content=\"7 minutos\" \/>\n<script type=\"application\/ld+json\" class=\"yoast-schema-graph\">{\"@context\":\"https:\/\/schema.org\",\"@graph\":[{\"@type\":\"Article\",\"@id\":\"https:\/\/ltecnologia.com.br\/blog\/o-que-e-e-por-que-utilizar-a-computacao-em-nuvem\/#article\",\"isPartOf\":{\"@id\":\"https:\/\/ltecnologia.com.br\/blog\/o-que-e-e-por-que-utilizar-a-computacao-em-nuvem\/\"},\"author\":{\"name\":\"Luan Oliveira\",\"@id\":\"http:\/\/ltecnologia.com.br\/blog\/#\/schema\/person\/b692f08d20eee7bee61862cf98a2cb40\"},\"headline\":\"O que \u00e9 e por que utilizar a Computa\u00e7\u00e3o em Nuvem?\",\"datePublished\":\"2019-02-23T03:18:14+00:00\",\"dateModified\":\"2020-05-07T18:02:07+00:00\",\"mainEntityOfPage\":{\"@id\":\"https:\/\/ltecnologia.com.br\/blog\/o-que-e-e-por-que-utilizar-a-computacao-em-nuvem\/\"},\"wordCount\":1364,\"commentCount\":0,\"publisher\":{\"@id\":\"http:\/\/ltecnologia.com.br\/blog\/#\/schema\/person\/b692f08d20eee7bee61862cf98a2cb40\"},\"image\":{\"@id\":\"https:\/\/ltecnologia.com.br\/blog\/o-que-e-e-por-que-utilizar-a-computacao-em-nuvem\/#primaryimage\"},\"thumbnailUrl\":\"http:\/\/ltecnologia.com.br\/blog\/wp-content\/uploads\/2019\/02\/cloudvdc.jpg\",\"keywords\":[\"Azure\",\"Computa\u00e7\u00e3o\",\"iaas\",\"Nuvem\",\"paas\",\"SaaS\"],\"articleSection\":[\"Artigos\",\"Internet das Coisas\",\"Programa\u00e7\u00e3o\",\"Redes\",\"Seguran\u00e7a da Informa\u00e7\u00e3o\",\"Web\"],\"inLanguage\":\"pt-BR\",\"potentialAction\":[{\"@type\":\"CommentAction\",\"name\":\"Comment\",\"target\":[\"https:\/\/ltecnologia.com.br\/blog\/o-que-e-e-por-que-utilizar-a-computacao-em-nuvem\/#respond\"]}]},{\"@type\":\"WebPage\",\"@id\":\"https:\/\/ltecnologia.com.br\/blog\/o-que-e-e-por-que-utilizar-a-computacao-em-nuvem\/\",\"url\":\"https:\/\/ltecnologia.com.br\/blog\/o-que-e-e-por-que-utilizar-a-computacao-em-nuvem\/\",\"name\":\"O que \u00e9 e por que utilizar a Computa\u00e7\u00e3o em Nuvem - Luan Oliveira\",\"isPartOf\":{\"@id\":\"http:\/\/ltecnologia.com.br\/blog\/#website\"},\"primaryImageOfPage\":{\"@id\":\"https:\/\/ltecnologia.com.br\/blog\/o-que-e-e-por-que-utilizar-a-computacao-em-nuvem\/#primaryimage\"},\"image\":{\"@id\":\"https:\/\/ltecnologia.com.br\/blog\/o-que-e-e-por-que-utilizar-a-computacao-em-nuvem\/#primaryimage\"},\"thumbnailUrl\":\"http:\/\/ltecnologia.com.br\/blog\/wp-content\/uploads\/2019\/02\/cloudvdc.jpg\",\"datePublished\":\"2019-02-23T03:18:14+00:00\",\"dateModified\":\"2020-05-07T18:02:07+00:00\",\"description\":\"Neste Post vou explicar o que \u00e9 e por que utilizar a Computa\u00e7\u00e3o em Nuvem, al\u00e9m de mostrar os benef\u00edcios e motivos para adotar essa tecnologia.\",\"breadcrumb\":{\"@id\":\"https:\/\/ltecnologia.com.br\/blog\/o-que-e-e-por-que-utilizar-a-computacao-em-nuvem\/#breadcrumb\"},\"inLanguage\":\"pt-BR\",\"potentialAction\":[{\"@type\":\"ReadAction\",\"target\":[\"https:\/\/ltecnologia.com.br\/blog\/o-que-e-e-por-que-utilizar-a-computacao-em-nuvem\/\"]}]},{\"@type\":\"ImageObject\",\"inLanguage\":\"pt-BR\",\"@id\":\"https:\/\/ltecnologia.com.br\/blog\/o-que-e-e-por-que-utilizar-a-computacao-em-nuvem\/#primaryimage\",\"url\":\"http:\/\/ltecnologia.com.br\/blog\/wp-content\/uploads\/2019\/02\/cloudvdc.jpg\",\"contentUrl\":\"http:\/\/ltecnologia.com.br\/blog\/wp-content\/uploads\/2019\/02\/cloudvdc.jpg\",\"width\":770,\"height\":577,\"caption\":\"Modern server and connect cloud\"},{\"@type\":\"BreadcrumbList\",\"@id\":\"https:\/\/ltecnologia.com.br\/blog\/o-que-e-e-por-que-utilizar-a-computacao-em-nuvem\/#breadcrumb\",\"itemListElement\":[{\"@type\":\"ListItem\",\"position\":1,\"name\":\"In\u00edcio\",\"item\":\"http:\/\/ltecnologia.com.br\/blog\/\"},{\"@type\":\"ListItem\",\"position\":2,\"name\":\"O que \u00e9 e por que utilizar a Computa\u00e7\u00e3o em Nuvem?\"}]},{\"@type\":\"WebSite\",\"@id\":\"http:\/\/ltecnologia.com.br\/blog\/#website\",\"url\":\"http:\/\/ltecnologia.com.br\/blog\/\",\"name\":\"Luan Oliveira\",\"description\":\"Linux | Programa\u00e7\u00e3o | Seguran\u00e7a\",\"publisher\":{\"@id\":\"http:\/\/ltecnologia.com.br\/blog\/#\/schema\/person\/b692f08d20eee7bee61862cf98a2cb40\"},\"potentialAction\":[{\"@type\":\"SearchAction\",\"target\":{\"@type\":\"EntryPoint\",\"urlTemplate\":\"http:\/\/ltecnologia.com.br\/blog\/?s={search_term_string}\"},\"query-input\":\"required name=search_term_string\"}],\"inLanguage\":\"pt-BR\"},{\"@type\":[\"Person\",\"Organization\"],\"@id\":\"http:\/\/ltecnologia.com.br\/blog\/#\/schema\/person\/b692f08d20eee7bee61862cf98a2cb40\",\"name\":\"Luan Oliveira\",\"image\":{\"@type\":\"ImageObject\",\"inLanguage\":\"pt-BR\",\"@id\":\"http:\/\/ltecnologia.com.br\/blog\/#\/schema\/person\/image\/\",\"url\":\"https:\/\/secure.gravatar.com\/avatar\/f333f4f98204ee523e984e240be5b77b?s=96&d=retro&r=g\",\"contentUrl\":\"https:\/\/secure.gravatar.com\/avatar\/f333f4f98204ee523e984e240be5b77b?s=96&d=retro&r=g\",\"caption\":\"Luan Oliveira\"},\"logo\":{\"@id\":\"http:\/\/ltecnologia.com.br\/blog\/#\/schema\/person\/image\/\"},\"description\":\"Me chamo Luan Oliveira, P\u00f3s-graduado em Projetos e Arquitetura de Cloud Computing e bacharel em Sistemas de Informa\u00e7\u00e3o pela UFPA. Atualmente, trabalho como Analista de Sistemas na For\u00e7a A\u00e9rea Brasileira.\",\"sameAs\":[\"http:\/\/www.ltecnologia.com.br\"],\"url\":\"http:\/\/ltecnologia.com.br\/blog\/author\/ltecnologia\/\"}]}<\/script>\n<!-- \/ Yoast SEO plugin. -->","yoast_head_json":{"title":"O que \u00e9 e por que utilizar a Computa\u00e7\u00e3o em Nuvem - Luan Oliveira","description":"Neste Post vou explicar o que \u00e9 e por que utilizar a Computa\u00e7\u00e3o em Nuvem, al\u00e9m de mostrar os benef\u00edcios e motivos para adotar essa tecnologia.","robots":{"index":"index","follow":"follow","max-snippet":"max-snippet:-1","max-image-preview":"max-image-preview:large","max-video-preview":"max-video-preview:-1"},"canonical":"https:\/\/ltecnologia.com.br\/blog\/o-que-e-e-por-que-utilizar-a-computacao-em-nuvem\/","og_locale":"pt_BR","og_type":"article","og_title":"O que \u00e9 e por que utilizar a Computa\u00e7\u00e3o em Nuvem","og_description":"Neste Post vou explicar o que \u00e9 e por que utilizar a Computa\u00e7\u00e3o em Nuvem, al\u00e9m de mostrar os benef\u00edcios e motivos para adotar essa tecnologia.","og_url":"https:\/\/ltecnologia.com.br\/blog\/o-que-e-e-por-que-utilizar-a-computacao-em-nuvem\/","og_site_name":"Luan Oliveira","article_published_time":"2019-02-23T03:18:14+00:00","article_modified_time":"2020-05-07T18:02:07+00:00","og_image":[{"width":770,"height":577,"url":"https:\/\/ltecnologia.com.br\/blog\/wp-content\/uploads\/2019\/02\/cloudvdc.jpg","type":"image\/jpeg"}],"author":"Luan Oliveira","twitter_card":"summary_large_image","twitter_misc":{"Escrito por":"Luan Oliveira","Est. tempo de leitura":"7 minutos"},"schema":{"@context":"https:\/\/schema.org","@graph":[{"@type":"Article","@id":"https:\/\/ltecnologia.com.br\/blog\/o-que-e-e-por-que-utilizar-a-computacao-em-nuvem\/#article","isPartOf":{"@id":"https:\/\/ltecnologia.com.br\/blog\/o-que-e-e-por-que-utilizar-a-computacao-em-nuvem\/"},"author":{"name":"Luan Oliveira","@id":"http:\/\/ltecnologia.com.br\/blog\/#\/schema\/person\/b692f08d20eee7bee61862cf98a2cb40"},"headline":"O que \u00e9 e por que utilizar a Computa\u00e7\u00e3o em Nuvem?","datePublished":"2019-02-23T03:18:14+00:00","dateModified":"2020-05-07T18:02:07+00:00","mainEntityOfPage":{"@id":"https:\/\/ltecnologia.com.br\/blog\/o-que-e-e-por-que-utilizar-a-computacao-em-nuvem\/"},"wordCount":1364,"commentCount":0,"publisher":{"@id":"http:\/\/ltecnologia.com.br\/blog\/#\/schema\/person\/b692f08d20eee7bee61862cf98a2cb40"},"image":{"@id":"https:\/\/ltecnologia.com.br\/blog\/o-que-e-e-por-que-utilizar-a-computacao-em-nuvem\/#primaryimage"},"thumbnailUrl":"http:\/\/ltecnologia.com.br\/blog\/wp-content\/uploads\/2019\/02\/cloudvdc.jpg","keywords":["Azure","Computa\u00e7\u00e3o","iaas","Nuvem","paas","SaaS"],"articleSection":["Artigos","Internet das Coisas","Programa\u00e7\u00e3o","Redes","Seguran\u00e7a da Informa\u00e7\u00e3o","Web"],"inLanguage":"pt-BR","potentialAction":[{"@type":"CommentAction","name":"Comment","target":["https:\/\/ltecnologia.com.br\/blog\/o-que-e-e-por-que-utilizar-a-computacao-em-nuvem\/#respond"]}]},{"@type":"WebPage","@id":"https:\/\/ltecnologia.com.br\/blog\/o-que-e-e-por-que-utilizar-a-computacao-em-nuvem\/","url":"https:\/\/ltecnologia.com.br\/blog\/o-que-e-e-por-que-utilizar-a-computacao-em-nuvem\/","name":"O que \u00e9 e por que utilizar a Computa\u00e7\u00e3o em Nuvem - Luan Oliveira","isPartOf":{"@id":"http:\/\/ltecnologia.com.br\/blog\/#website"},"primaryImageOfPage":{"@id":"https:\/\/ltecnologia.com.br\/blog\/o-que-e-e-por-que-utilizar-a-computacao-em-nuvem\/#primaryimage"},"image":{"@id":"https:\/\/ltecnologia.com.br\/blog\/o-que-e-e-por-que-utilizar-a-computacao-em-nuvem\/#primaryimage"},"thumbnailUrl":"http:\/\/ltecnologia.com.br\/blog\/wp-content\/uploads\/2019\/02\/cloudvdc.jpg","datePublished":"2019-02-23T03:18:14+00:00","dateModified":"2020-05-07T18:02:07+00:00","description":"Neste Post vou explicar o que \u00e9 e por que utilizar a Computa\u00e7\u00e3o em Nuvem, al\u00e9m de mostrar os benef\u00edcios e motivos para adotar essa tecnologia.","breadcrumb":{"@id":"https:\/\/ltecnologia.com.br\/blog\/o-que-e-e-por-que-utilizar-a-computacao-em-nuvem\/#breadcrumb"},"inLanguage":"pt-BR","potentialAction":[{"@type":"ReadAction","target":["https:\/\/ltecnologia.com.br\/blog\/o-que-e-e-por-que-utilizar-a-computacao-em-nuvem\/"]}]},{"@type":"ImageObject","inLanguage":"pt-BR","@id":"https:\/\/ltecnologia.com.br\/blog\/o-que-e-e-por-que-utilizar-a-computacao-em-nuvem\/#primaryimage","url":"http:\/\/ltecnologia.com.br\/blog\/wp-content\/uploads\/2019\/02\/cloudvdc.jpg","contentUrl":"http:\/\/ltecnologia.com.br\/blog\/wp-content\/uploads\/2019\/02\/cloudvdc.jpg","width":770,"height":577,"caption":"Modern server and connect cloud"},{"@type":"BreadcrumbList","@id":"https:\/\/ltecnologia.com.br\/blog\/o-que-e-e-por-que-utilizar-a-computacao-em-nuvem\/#breadcrumb","itemListElement":[{"@type":"ListItem","position":1,"name":"In\u00edcio","item":"http:\/\/ltecnologia.com.br\/blog\/"},{"@type":"ListItem","position":2,"name":"O que \u00e9 e por que utilizar a Computa\u00e7\u00e3o em Nuvem?"}]},{"@type":"WebSite","@id":"http:\/\/ltecnologia.com.br\/blog\/#website","url":"http:\/\/ltecnologia.com.br\/blog\/","name":"Luan Oliveira","description":"Linux | Programa\u00e7\u00e3o | Seguran\u00e7a","publisher":{"@id":"http:\/\/ltecnologia.com.br\/blog\/#\/schema\/person\/b692f08d20eee7bee61862cf98a2cb40"},"potentialAction":[{"@type":"SearchAction","target":{"@type":"EntryPoint","urlTemplate":"http:\/\/ltecnologia.com.br\/blog\/?s={search_term_string}"},"query-input":"required name=search_term_string"}],"inLanguage":"pt-BR"},{"@type":["Person","Organization"],"@id":"http:\/\/ltecnologia.com.br\/blog\/#\/schema\/person\/b692f08d20eee7bee61862cf98a2cb40","name":"Luan Oliveira","image":{"@type":"ImageObject","inLanguage":"pt-BR","@id":"http:\/\/ltecnologia.com.br\/blog\/#\/schema\/person\/image\/","url":"https:\/\/secure.gravatar.com\/avatar\/f333f4f98204ee523e984e240be5b77b?s=96&d=retro&r=g","contentUrl":"https:\/\/secure.gravatar.com\/avatar\/f333f4f98204ee523e984e240be5b77b?s=96&d=retro&r=g","caption":"Luan Oliveira"},"logo":{"@id":"http:\/\/ltecnologia.com.br\/blog\/#\/schema\/person\/image\/"},"description":"Me chamo Luan Oliveira, P\u00f3s-graduado em Projetos e Arquitetura de Cloud Computing e bacharel em Sistemas de Informa\u00e7\u00e3o pela UFPA. Atualmente, trabalho como Analista de Sistemas na For\u00e7a A\u00e9rea Brasileira.","sameAs":["http:\/\/www.ltecnologia.com.br"],"url":"http:\/\/ltecnologia.com.br\/blog\/author\/ltecnologia\/"}]}},"jetpack_featured_media_url":"http:\/\/ltecnologia.com.br\/blog\/wp-content\/uploads\/2019\/02\/cloudvdc.jpg","jetpack_sharing_enabled":true,"jetpack_shortlink":"https:\/\/wp.me\/p6BRyf-dq","_links":{"self":[{"href":"http:\/\/ltecnologia.com.br\/blog\/wp-json\/wp\/v2\/posts\/832","targetHints":{"allow":["GET"]}}],"collection":[{"href":"http:\/\/ltecnologia.com.br\/blog\/wp-json\/wp\/v2\/posts"}],"about":[{"href":"http:\/\/ltecnologia.com.br\/blog\/wp-json\/wp\/v2\/types\/post"}],"author":[{"embeddable":true,"href":"http:\/\/ltecnologia.com.br\/blog\/wp-json\/wp\/v2\/users\/1"}],"replies":[{"embeddable":true,"href":"http:\/\/ltecnologia.com.br\/blog\/wp-json\/wp\/v2\/comments?post=832"}],"version-history":[{"count":7,"href":"http:\/\/ltecnologia.com.br\/blog\/wp-json\/wp\/v2\/posts\/832\/revisions"}],"predecessor-version":[{"id":893,"href":"http:\/\/ltecnologia.com.br\/blog\/wp-json\/wp\/v2\/posts\/832\/revisions\/893"}],"wp:featuredmedia":[{"embeddable":true,"href":"http:\/\/ltecnologia.com.br\/blog\/wp-json\/wp\/v2\/media\/839"}],"wp:attachment":[{"href":"http:\/\/ltecnologia.com.br\/blog\/wp-json\/wp\/v2\/media?parent=832"}],"wp:term":[{"taxonomy":"category","embeddable":true,"href":"http:\/\/ltecnologia.com.br\/blog\/wp-json\/wp\/v2\/categories?post=832"},{"taxonomy":"post_tag","embeddable":true,"href":"http:\/\/ltecnologia.com.br\/blog\/wp-json\/wp\/v2\/tags?post=832"}],"curies":[{"name":"wp","href":"https:\/\/api.w.org\/{rel}","templated":true}]}}